{"id":7315,"date":"2024-10-21T10:45:20","date_gmt":"2024-10-21T09:45:20","guid":{"rendered":"https:\/\/www.revistaalimara.net\/revista\/?p=7315"},"modified":"2024-11-06T13:58:44","modified_gmt":"2024-11-06T12:58:44","slug":"la-participacio-ciutadana-a-palma-una-aproximacio-a-la-situacio-actual","status":"publish","type":"post","link":"https:\/\/www.revistaalimara.net\/revista\/la-participacio-ciutadana-a-palma-una-aproximacio-a-la-situacio-actual\/","title":{"rendered":"La participaci\u00f3 ciutadana a Palma: una aproximaci\u00f3 a la situaci\u00f3 actual"},"content":{"rendered":"\n<div class=\"wp-block-group is-layout-flow\"><div class=\"wp-block-group__inner-container\">\n<div class=\"wp-block-columns is-layout-flex wp-container-4\">\n<div class=\"wp-block-column is-layout-flow\" style=\"flex-basis:66.66%\">\n<p><strong>Paraules clau:<\/strong> Participaci\u00f3 ciutadana, animaci\u00f3 sociocultural, responsabilitat social compartida, persones en risc d\u2019exclusi\u00f3.<\/p>\n\n\n\n<p><strong>Resum<\/strong>: <\/p>\n\n\n\n<p>Aquest article pret\u00e9n donar una visi\u00f3 \u00e0mplia del que \u00e9s la participaci\u00f3 ciutadana i de les condicions que la faciliten o la dificulten.<br>En un marc m\u00e9s territorial, s\u2019ofereix una perspectiva de la participaci\u00f3 a Palma, promoguda per la Direcci\u00f3 General de Participaci\u00f3 Ciutadana, adscrita a la Regidoria de l\u2019\u00c0rea de Serveis Socials, Educaci\u00f3, Participaci\u00f3 Ciutadana, Joventut i Igualtat d&#8217;Oportunitats de l\u2019Ajuntament de Palma; analitzant el paper dels professionals en el marc de l\u2019administraci\u00f3 local i des de la perspectiva de l\u2019animaci\u00f3 sociocultural.<br>Es realitza despr\u00e9s un recorregut entre les diferents formes de la participaci\u00f3 col\u00b7lectiva, especialment pel que fa al teixit associatiu i individual, sobretot als casals de barri, fent especial menci\u00f3 a la participaci\u00f3 de persones i col\u00b7lectius en situaci\u00f3 de risc i\/o exclusi\u00f3 social.<br>Es conclou amb un reflexi\u00f3 del que implica la gesti\u00f3 de la responsabilitat social compartida.<\/p>\n<\/div>\n\n\n\n<div class=\"wp-block-column is-layout-flow\" style=\"flex-basis:33.33%\">\n<p><strong>Maria Ant\u00f2nia Froil\u00e1n Jaume<\/strong><\/p>\n\n\n\n<p>Coordinadora del Servei de Participaci\u00f3 Ciutadana &#8211; Ajuntament de Palma.<\/p>\n\n\n\n<div class=\"wp-block-buttons is-layout-flex\">\n<div class=\"wp-block-button is-style-outline\"><a class=\"wp-block-button__link has-vivid-cyan-blue-color has-text-color wp-element-button\" href=\"https:\/\/www.revistaalimara.net\/revista\/wp-content\/uploads\/2024\/10\/Alimara-Num-70_art-4-PARTICIPACIO.pdf\">Descarregau<br>l&#8217;article en PDF<\/a><\/div>\n<\/div>\n<\/div>\n<\/div>\n<\/div><\/div>\n\n\n<div class=\"ead-preview\"><div class=\"ead-document\" style=\"position: relative;width: 100%;height: 100%;border: none;min-height: 500px\" data-pdf-src=\"https:\/\/www.revistaalimara.net\/revista\/wp-content\/uploads\/2024\/10\/Alimara-Num-70_art-4-PARTICIPACIO.pdf\" data-viewer=\"browser\"><div class=\"ead-iframe-wrapper\"><iframe src=\"\/\/docs.google.com\/viewer?url=https%3A%2F%2Fwww.revistaalimara.net%2Frevista%2Fwp-content%2Fuploads%2F2024%2F10%2FAlimara-Num-70_art-4-PARTICIPACIO.pdf&amp;embedded=true&amp;hl=en\" title=\"Embedded Document\" class=\"ead-iframe\" style=\"width: 100%;height: 100%;border: none;min-height: 500px;visibility: hidden;\"><\/iframe><\/div>\t\t\t<div class=\"ead-document-loading\" style=\"width:100%;height:100%;position:absolute;left:0;top:0;z-index:10\">\n\t\t\t\t<div class=\"ead-loading-wrap\">\n\t\t\t\t\t<div class=\"ead-loading-main\">\n\t\t\t\t\t\t<div class=\"ead-loading\">\n\t\t\t\t\t\t\t<img decoding=\"async\" loading=\"lazy\" src=\"https:\/\/www.revistaalimara.net\/revista\/wp-content\/plugins\/embed-any-document\/images\/loading.svg\" width=\"55\" height=\"55\" alt=\"Loader\">\n\t\t\t\t\t\t\t<span>Loading&#8230;<\/span>\n\t\t\t\t\t\t<\/div>\n\t\t\t\t\t<\/div>\n\t\t\t\t\t<div class=\"ead-loading-foot\">\n\t\t\t\t\t\t<div class=\"ead-loading-foot-title\">\n\t\t\t\t\t\t\t<img decoding=\"async\" loading=\"lazy\" src=\"https:\/\/www.revistaalimara.net\/revista\/wp-content\/plugins\/embed-any-document\/images\/EAD-logo.svg\" alt=\"EAD Logo\" width=\"36\" height=\"23\"\/>\n\t\t\t\t\t\t\t<span>Taking too long?<\/span>\n\t\t\t\t\t\t<\/div>\n\t\t\t\t\t\t<p>\n\t\t\t\t\t\t\t<div class=\"ead-document-btn ead-reload-btn\" role=\"button\">\n\t\t\t\t\t\t\t\t<img decoding=\"async\" loading=\"lazy\" src=\"https:\/\/www.revistaalimara.net\/revista\/wp-content\/plugins\/embed-any-document\/images\/reload.svg\" alt=\"Reload\" width=\"12\" height=\"12\"\/> Reload document\t\t\t\t\t\t\t<\/div>\n\t\t\t\t\t\t\t<span>|<\/span>\n\t\t\t\t\t\t\t<a href=\"#\" class=\"ead-document-btn\" target=\"_blank\">\n\t\t\t\t\t\t\t\t<img decoding=\"async\" loading=\"lazy\" src=\"https:\/\/www.revistaalimara.net\/revista\/wp-content\/plugins\/embed-any-document\/images\/open.svg\" alt=\"Open\" width=\"12\" height=\"12\"\/> Open in new tab\t\t\t\t\t\t\t<\/a>\n\t\t\t\t\t<\/div>\n\t\t\t\t<\/div>\n\t\t\t<\/div>\n\t\t<\/div><\/div>","protected":false},"excerpt":{"rendered":"<p>Paraules clau: Sensellarisme, persones sense llar, recompte, inclusi\u00f3 social<\/p>\n","protected":false},"author":2,"featured_media":7291,"comment_status":"closed","ping_status":"open","sticky":false,"template":"","format":"standard","meta":[],"categories":[94,92],"tags":[121],"_links":{"self":[{"href":"https:\/\/www.revistaalimara.net\/revista\/wp-json\/wp\/v2\/posts\/7315"}],"collection":[{"href":"https:\/\/www.revistaalimara.net\/revista\/wp-json\/wp\/v2\/posts"}],"about":[{"href":"https:\/\/www.revistaalimara.net\/revista\/wp-json\/wp\/v2\/types\/post"}],"author":[{"embeddable":true,"href":"https:\/\/www.revistaalimara.net\/revista\/wp-json\/wp\/v2\/users\/2"}],"replies":[{"embeddable":true,"href":"https:\/\/www.revistaalimara.net\/revista\/wp-json\/wp\/v2\/comments?post=7315"}],"version-history":[{"count":6,"href":"https:\/\/www.revistaalimara.net\/revista\/wp-json\/wp\/v2\/posts\/7315\/revisions"}],"predecessor-version":[{"id":7396,"href":"https:\/\/www.revistaalimara.net\/revista\/wp-json\/wp\/v2\/posts\/7315\/revisions\/7396"}],"wp:featuredmedia":[{"embeddable":true,"href":"https:\/\/www.revistaalimara.net\/revista\/wp-json\/wp\/v2\/media\/7291"}],"wp:attachment":[{"href":"https:\/\/www.revistaalimara.net\/revista\/wp-json\/wp\/v2\/media?parent=7315"}],"wp:term":[{"taxonomy":"category","embeddable":true,"href":"https:\/\/www.revistaalimara.net\/revista\/wp-json\/wp\/v2\/categories?post=7315"},{"taxonomy":"post_tag","embeddable":true,"href":"https:\/\/www.revistaalimara.net\/revista\/wp-json\/wp\/v2\/tags?post=7315"}],"curies":[{"name":"wp","href":"https:\/\/api.w.org\/{rel}","templated":true}]}}