{"id":4562,"date":"2019-12-04T14:45:54","date_gmt":"2019-12-04T12:45:54","guid":{"rendered":"http:\/\/www.revistaalimara.net\/revista\/?p=4562"},"modified":"2021-04-23T07:45:34","modified_gmt":"2021-04-23T06:45:34","slug":"ladhesio-dels-consells-insulars-al-pacte-balear-per-a-la-infancia-una-aposta-per-posar-la-infancia-a-lagenda-politica-de-les-institucions-insulars-de-les-illes-balears","status":"publish","type":"post","link":"https:\/\/www.revistaalimara.net\/revista\/ladhesio-dels-consells-insulars-al-pacte-balear-per-a-la-infancia-una-aposta-per-posar-la-infancia-a-lagenda-politica-de-les-institucions-insulars-de-les-illes-balears\/","title":{"rendered":"L&#8217;adhesi\u00f3 dels consells insulars al Pacte balear per a la inf\u00e0ncia: una aposta per posar la inf\u00e0ncia a l&#8217;agenda pol\u00edtica de les institucions insulars de les Illes Balears"},"content":{"rendered":"<div id=\"pl-4562\"  class=\"panel-layout\" ><div id=\"pg-4562-0\"  class=\"panel-grid panel-has-style\" ><div class=\"panel-row-style panel-row-style-for-4562-0\" ><div id=\"pgc-4562-0-0\"  class=\"panel-grid-cell\" ><div id=\"panel-4562-0-0-0\" class=\"so-panel widget widget_sow-editor panel-first-child\" data-index=\"0\" ><div\n\t\t\t\n\t\t\tclass=\"so-widget-sow-editor so-widget-sow-editor-base\"\n\t\t\t\n\t\t>\n<div class=\"siteorigin-widget-tinymce textwidget\">\n\t<p><b>Paraules clau:<\/b>\u00a0Pacte per la Inf\u00e0ncia, Adhesi\u00f3 dels Consells Insulars al Pacte Balear, pol\u00edtiques d'inf\u00e0ncia, ciutats amigues de la inf\u00e0ncia, drets de la inf\u00e0ncia<\/p>\n<\/div>\n<\/div><\/div><div id=\"panel-4562-0-0-1\" class=\"so-panel widget widget_sow-editor panel-last-child\" data-index=\"1\" ><div\n\t\t\t\n\t\t\tclass=\"so-widget-sow-editor so-widget-sow-editor-base\"\n\t\t\t\n\t\t>\n<div class=\"siteorigin-widget-tinymce textwidget\">\n\t<h2>Resum<\/h2>\n<p>En el present article s\u2019aborda el marc nou que s\u2019ha creat a la comunitat balear a partir de la signatura per part dels consells de les Illes Balears del Pacte balear per a la inf\u00e0ncia i els compromisos que s\u2019hi assumeixen considerant les compet\u00e8ncies que aquestes institucions insulars tenen en l\u2019atenci\u00f3 a la inf\u00e0ncia i l\u2019adolesc\u00e8ncia, i les compet\u00e8ncies de donar suport financer i t\u00e8cnic als municipis m\u00e9s petits. Entre aquests compromisos, hi ha potenciar el model de Ciutat Amiga de la Inf\u00e0ncia (CAI) als municipis de les Illes com un model de participaci\u00f3 dels nins, nines i adolescents en l\u2019\u00e0mbit local, i impulsar pol\u00edtiques municipals adre\u00e7ades a aquest col\u00b7lectiu. Finalment es parla de l\u2019oportunitat i l\u2019escenari nous que tant aquests pactes com el marc legal auton\u00f2mic nou plantegen de cara a millorar el benestar dels nostres infants i adolescents, sobretot els m\u00e9s vulnerables.<\/p>\n<\/div>\n<\/div><\/div><\/div><div id=\"pgc-4562-0-1\"  class=\"panel-grid-cell\" ><div id=\"panel-4562-0-1-0\" class=\"so-panel widget widget_sow-editor panel-first-child\" data-index=\"2\" ><div\n\t\t\t\n\t\t\tclass=\"so-widget-sow-editor so-widget-sow-editor-base\"\n\t\t\t\n\t\t>\n<div class=\"siteorigin-widget-tinymce textwidget\">\n\t<p style=\"text-align: left;\"><strong>Seraf\u00edn Carballo Garc\u00eda<\/strong><\/p>\n<p style=\"text-align: left;\">Director de l'Oficina Balear de la Inf\u00e0ncia i Adolesc\u00e8ncia del Govern de les Illes Balears (OBIA).<\/p>\n<p style=\"text-align: left;\">\n<\/div>\n<\/div><\/div><div id=\"panel-4562-0-1-1\" class=\"so-panel widget widget_sow-button panel-last-child\" data-index=\"3\" ><div\n\t\t\t\n\t\t\tclass=\"so-widget-sow-button so-widget-sow-button-atom-940129a80dd4-4562\"\n\t\t\t\n\t\t><div class=\"ow-button-base ow-button-align-left\">\n\t<a\n\thref=\"http:\/\/www.revistaalimara.net\/revista\/wp-content\/uploads\/2019\/12\/ALIM_61_art_7.pdf\"\n\t\tclass=\"download ow-icon-placement-left ow-button-hover\" target=\"_blank\" rel=\"noopener noreferrer\" \t>\n\t\t<span>\n\t\t\t\n\t\t\tDescarrega't l'article en PDF\t\t<\/span>\n\t<\/a>\n<\/div>\n<\/div><\/div><\/div><\/div><\/div><div id=\"pg-4562-1\"  class=\"panel-grid panel-no-style\" ><div id=\"pgc-4562-1-0\"  class=\"panel-grid-cell\" ><div id=\"panel-4562-1-0-0\" class=\"so-panel widget widget_sow-editor panel-first-child panel-last-child\" data-index=\"4\" ><div\n\t\t\t\n\t\t\tclass=\"so-widget-sow-editor so-widget-sow-editor-base\"\n\t\t\t\n\t\t>\n<div class=\"siteorigin-widget-tinymce textwidget\">\n\t<h2>1. Introducci\u00f3<\/h2>\n<p>Aquest any han passat desapercebut dos fets que nosaltres valorem com a molt transcendents en relaci\u00f3 a la Inf\u00e0ncia i Adolesc\u00e8ncia de la nostra Comunitat i que volem, a trav\u00e9s de la revista <em>Alimara<\/em>, donar projecci\u00f3 dins l'entorn professional dels Serveis Socials. Ens referim a l'aprovaci\u00f3 de la <em>Llei 9\/2919 de 19 de febrer, de l'atenci\u00f3 i els drets de la inf\u00e0ncia i adolesc\u00e8ncia de les Illes Balears<\/em> i tamb\u00e9, a l'adhesi\u00f3 dels Consells Insulars al Pacte Balear per a la Inf\u00e0ncia. La nova Llei Balear de la Inf\u00e0ncia i Adolesc\u00e8ncia 9\/2019 situa a Balears davant un escenari que sense cap mena de dubte ens ajudar\u00e0 a donar un bot qualitatiu en l'atenci\u00f3 a la inf\u00e0ncia i adolesc\u00e8ncia m\u00e9s vulnerable aix\u00ed com el suport a les seves fam\u00edlies. En aquest mateix n\u00famero de la revista es tracta sobre aquesta llei que considerem capdavantera en diferents aspectes i que s'expliquen a l'article d'Alonso Medinas, per tant, no ens referirem a ella per centrar-nos en el posicionament de les institucions insulars a favor del Pacte Balear per a la Inf\u00e0ncia.<\/p>\n<p>Els plens del consells insulars de les Illes Balears varen ratificar per unanimitat al llarg de l'any passat la seva adhesi\u00f3 al Pacte Balear per a la inf\u00e0ncia promogut per UNICEF Comit\u00e8 Balears i l'Oficina de Defensa dels Drets del Menor (ODDM) ara Oficina Balear de la Inf\u00e0ncia i l'Adolesc\u00e8ncia (OBIA). Les dates de l'aprovaci\u00f3 dels plens dels consells al document d'adhesi\u00f3 al Pacte Balear per la inf\u00e0ncia varen ser: a Eivissa, el 26 de juliol de l'any 2018, a Formentera, el 27 de juliol del 2018, a Menorca, el 17 de setembre del mateix any i finalment a Mallorca el 12 de novembre de 2018. Els documents d'adhesi\u00f3 varen ser signats pels representants de cada partit amb representaci\u00f3 als plens insulars.<\/p>\n<p>Per contextualitzar aquest fet, hem de remuntar-nos a l'any 2013, en concret al 19 de novembre, data en la qual representants de tots els partits pol\u00edtics de les Illes Balears amb representaci\u00f3 parlament\u00e0ria varen signar i ratificar el Pacte balear per a la inf\u00e0ncia. Aquest pacte parlamentari constitueix un conjunt de compromisos subscrits per totes les forces pol\u00edtiques illenques, la finalitat dels quals \u00e9s procurar la millora del benestar de la inf\u00e0ncia i la joventut de la nostra comunitat aut\u00f2noma. Aquesta iniciativa sorgeix inicialment de l'UNICEF, que ha anat promovent pactes semblants a diferents comunitats aut\u00f2nomes, de manera que avui dia la majoria ja tenen pactes auton\u00f2mics per a la inf\u00e0ncia, la qual cosa \u00e9s una bona not\u00edcia per l'alt nivell de consens que la inf\u00e0ncia ha aconseguit al nostre pa\u00eds i perqu\u00e8 ha perm\u00e8s incloure finalment en l'agenda pol\u00edtica els temes d'inf\u00e0ncia. A les Balears, aquest proc\u00e9s s'ha fet en coordinaci\u00f3 amb l'Oficina Balear de la Inf\u00e0ncia i Adolesc\u00e8ncia.<\/p>\n<p>La Convenci\u00f3 sobre els Drets de l'Infant (CDI, 1989) \u00abcompromet els governs a assumir la seva responsabilitat cap als ciutadans m\u00e9s joves, a donar una atenci\u00f3 priorit\u00e0ria a la inf\u00e0ncia, creant entorns favorables per a aquesta i a prioritzar la inversi\u00f3 de la inf\u00e0ncia donant veu als nins i a les nines\u00bb.<\/p>\n<p>Aquesta Convenci\u00f3, signada pel Govern espanyol i que \u00e9s de compliment obligat per als pa\u00efsos que l'han signada i ratificada, assenyala que tots els programes i projectes implementats pels organismes p\u00fablics i que poden afectar directament o indirectament els infants, han d'incloure i han d'estar basats en la Convenci\u00f3 sobre els Drets de l'Infant i han de tenir presents els principis rectors d'aquest tractat internacional, com s\u00f3n la no-discriminaci\u00f3, que tots els drets s'han de poder aplicar a tots els infants sense excepci\u00f3, l'inter\u00e8s superior del menor (ISM) i que totes les mesures s'han de basar en aquest inter\u00e8s superior, el dret a la superviv\u00e8ncia i desenvolupament i, finalment, el dret a la participaci\u00f3.<\/p>\n<h2>2. El Pacte Parlamentari Balear per la Inf\u00e0ncia<\/h2>\n<p>Per oferir algunes pinzellades hist\u00f2riques sobre aquesta iniciativa en la nostra comunitat aut\u00f2noma, volem dir que, una vegada aprovada pel Ple del Parlament balear, el 21 d'octubre de 2015 es va aprovar a la vegada la constituci\u00f3 i el reglament de la Comissi\u00f3 de Seguiment del Pacte balear per a la inf\u00e0ncia, formada per una persona representant de cada partit pol\u00edtic amb representaci\u00f3 al Parlament balear, representants de l'UNICEF i de l'OBIA. En aquesta Comissi\u00f3, es varen aprovar els indicadors per veure el grau de compliment dels compromisos recollits en el Pacte balear, aix\u00ed com un altre tipus d'iniciatives com l'organitzaci\u00f3 de dues jornades parlament\u00e0ries: la primera sobre \u00abEls informes d'impacte en la inf\u00e0ncia i revisi\u00f3 de la normativa balear\u00bb (2017) i la segona titulada \u00abCap a una realitat de pressupostos en clau d'inf\u00e0ncia\u00bb (2018). Aix\u00ed mateix es va presentar i aprovar una proposici\u00f3 no de llei relativa a la inf\u00e0ncia el novembre de 2017.<\/p>\n<p>En aquest Pacte Balear per a la Inf\u00e0ncia es recullen una s\u00e8rie de compromisos que passem a enumerar:<\/p>\n<p>Es parteix de les Illes Balears com a illes amigues de la Inf\u00e0ncia i de l'objectiu per a la inf\u00e0ncia de transmetre a \u201ctots els agents pol\u00edtics, socials i econ\u00f2mics i de qualsevol altra \u00edndole a la nostra comunitat aut\u00f2noma, per tal de millorar la vida dels infants reconeixent i exercint els seus drets, mobilitzant els recursos necessaris per assegurar un desenvolupament hum\u00e0 just i solidari\u201d. Reflecteix el Pacte el comprom\u00eds per a l'impuls i desenvolupament dels seg\u00fcents acords:<\/p>\n<p>1. Impulsar \u00abl'elaboraci\u00f3 i el desenvolupament de pol\u00edtiques d'inf\u00e0ncia dins el marc jur\u00eddic auton\u00f2mic, com a instrument fonamental per garantir que els menors de les Illes Balears gaudeixin de tots els drets i llibertats que tenen reconegudes en la Constituci\u00f3, la Convenci\u00f3 sobre els Drets de l'Infant i els altres acords internacionals ratificats per Espanya aix\u00ed com per la resta de l'ordenament jur\u00eddic per avan\u00e7ar en els sistemes de prevenci\u00f3 i protecci\u00f3 de la inf\u00e0ncia a les Illes Balears\u00bb<\/p>\n<p>2. Fomentar i donar suport als aspectes que es relacionen a continuaci\u00f3 des de les organitzacions pol\u00edtiques on els partits que subscriuen el Pacte tenen responsabilitats en l'\u00e0mbit municipal o auton\u00f2mic com a tasca de govern o des de l'oposici\u00f3.<\/p>\n<ul>\n<li>El desenvolupament d'\u00f2rgans estables de participaci\u00f3 infantil en els municipis de les Illes Balears.<\/li>\n<li>L'elaboraci\u00f3 i implementaci\u00f3 d'una estrat\u00e8gia auton\u00f2mica d'inf\u00e0ncia i adolesc\u00e8ncia, que tingui en compte el Pla Estrat\u00e8gic Nacional d'Inf\u00e0ncia i Adolesc\u00e8ncia 2013-2016 i el Pla Nacional d'Acci\u00f3 Social per a la Inclusi\u00f3 Social 2013-2016.<\/li>\n<li>L'elaboraci\u00f3 de plans municipals i\/o pol\u00edtiques d'inf\u00e0ncia establint prioritats i metes basades en les necessitats especifiques en cada municipi.<\/li>\n<li>El comprom\u00eds de protegir els recursos econ\u00f2mics destinats a les pol\u00edtiques i serveis de fam\u00edlia i inf\u00e0ncia en els municipis de les Illes Balears.<\/li>\n<\/ul>\n<p>3. Promoure aquelles responsabilitats tant en l\u2019\u00e0mbit municipal com en l\u2019auton\u00f2mic en funci\u00f3 de les compet\u00e8ncies, el desenvolupament i la implementaci\u00f3 dels seg\u00fcents passos per posar la inf\u00e0ncia en l\u2019agenda pol\u00edtica local:<\/p>\n<p>\u2022 Facilitar canals de participaci\u00f3 que contribueixin per tal que la inf\u00e0ncia de les Illes Balears tingui capacitat per a influir sobre les decisions que els hi afectin.<br \/>\n\u2022 Garantir que tots els nins i nines rebin els serveis b\u00e0sics com salut, educaci\u00f3 i protecci\u00f3 sense discriminaci\u00f3.<br \/>\n\u2022 Establir mesures per a promoure la seva protecci\u00f3 contra l'explotaci\u00f3, la viol\u00e8ncia i l'ab\u00fas.<br \/>\n\u2022 Impulsar pol\u00edtiques urban\u00edstiques i de seguretat que els permetin passejar i jugar en entorns segurs.<br \/>\n\u2022 Establir les mesures necess\u00e0ries per tal que puguin desenvolupar-se en un entorn mediambiental saludable no contaminat.<\/p>\n<p>4. Afirmar \u00abque els seg\u00fcents principis han de ser considerats en el disseny, execuci\u00f3 i avaluaci\u00f3 dels programes d'acci\u00f3 social orientats a la inf\u00e0ncia\u00bb:<\/p>\n<p>\u2022 Invertir en pol\u00edtiques de prevenci\u00f3 de riscos de desprotecci\u00f3 infantil per a reduir o mitigar aquests riscos que afecten directament a la inf\u00e0ncia i a l'adolesc\u00e8ncia.<br \/>\n\u2022 Incloure la participaci\u00f3 de professionals, col\u00b7lectius i agents comunitaris involucrats en la cura i atenci\u00f3 de la inf\u00e0ncia i adolesc\u00e8ncia, en el disseny d'accions de prevenci\u00f3, protecci\u00f3 i defensa dels drets.<br \/>\n\u2022 Intervenir tan aviat com sigui possible quan els infants estan en risc, a fi d'evitar p\u00e8rdues o danys irreversibles.<br \/>\n\u2022 Mitigar els efectes de la crisi, l'exclusi\u00f3 i la pobresa sobre la inf\u00e0ncia, reconeixent que les fam\u00edlies necessiten recolzament que garanteixi la igualtat d'oportunitats mitjan\u00e7ant:<br \/>\n\u25e6 Provisions especials per arribar als infants que s\u00f3n especialment vulnerables i exclosos.<br \/>\n\u25e6 Establiment de mesures concretes de recolzament a les fam\u00edlies, amb especial atenci\u00f3 a la resoluci\u00f3 de conflictes en l'\u00e0mbit familiar.<br \/>\n\u25e6 Incloure la veu i l'opini\u00f3 dels infants, dels seus cuidadors i joves en la comprensi\u00f3 i el disseny de sistemes de prevenci\u00f3 i protecci\u00f3 social i altres programes.<\/p>\n<p>Al llarg d'aquests darrers anys, la Comissi\u00f3 Parlament\u00e0ria de Seguiment del Pacte ha estat un f\u00f2rum que ha perm\u00e8s crear un consens ampli i compartir aquesta visi\u00f3 de la inf\u00e0ncia entre les diferents forces pol\u00edtiques i que, en part, va ajudar que la Llei balear d'inf\u00e0ncia i adolesc\u00e8ncia s'aprov\u00e0s per unanimitat, cosa bastant inaudita al nostre parlament auton\u00f2mic, per\u00f2 que sense cap mena de dubte \u00e9s motiu de felicitaci\u00f3.<\/p>\n<h2>3. El paper dels Consells Insulars en el Pacte Balear per la Inf\u00e0ncia<\/h2>\n<p>A la comunitat balear, a difer\u00e8ncia de la majoria de les comunitats aut\u00f2nomes a excepci\u00f3 del Pa\u00eds Basc i les Can\u00e0ries, els consells insulars (diputacions i\/o cabildos en el cas d'aquestes dues comunitats aut\u00f2nomes), tenen compet\u00e8ncies \u00e0mplies en protecci\u00f3 de menors, aix\u00ed com en suport t\u00e8cnic a municipis petits. \u00c9s per aquest motiu que dins la Comissi\u00f3 de Seguiment Parlament\u00e0ria, a iniciativa de l'UNICEF Comit\u00e8 Balear i de l'OBIA, es va considerar necessari que els consells insulars s'adherissin al Pacte balear per a la inf\u00e0ncia per assumir compromisos espec\u00edfics d'acord amb les seves pr\u00f2pies compet\u00e8ncies. El Parlament balear pot demanar comptes i controlar el govern de la CAIB, per\u00f2, en canvi, no pot fer-ho de les altres administracions com s\u00f3n els consells insulars, de manera que es va considerar necessari que s'incorporassin a aquest proc\u00e9s. A partir d'aqu\u00ed es varen iniciar converses amb els representants dels partits pol\u00edtics amb representaci\u00f3 als plens dels consells insulars sobre la seva disposici\u00f3 a donar suport a aquest Pacte balear i tots els partits varen ser partidaris de tirar endavant la iniciativa.<\/p>\n<p>Amb aquest motiu, l'UNICEF Comit\u00e8 Balear i l'OBIA varen proposar als diferents consells un document, que es el que es presenta a continuaci\u00f3 en aquest article.<\/p>\n<p>En el document d'adhesi\u00f3 al Pacte per a la inf\u00e0ncia dels consells, ratificat per tots els partits pol\u00edtics amb representaci\u00f3 en els plens, es comprometen a:<\/p>\n<p>a) Assumir la seva responsabilitat envers la ciutadania m\u00e9s jove, amb una atenci\u00f3 priorit\u00e0ria a la inf\u00e0ncia, creant entorns favorables a la inf\u00e0ncia i prioritzant la inversi\u00f3 en la inf\u00e0ncia.<\/p>\n<p>b) Implantar tots els programes i projectes d'acci\u00f3 que afecten directament o indirectament infants o adolescents, d'acord amb els principis rectors de la Convenci\u00f3 sobre els drets de l'infant (CDI, 1989).<\/p>\n<p>c) Implantar el Registre Unificat de Maltractament Infantil en l'\u00e0mbit insular.<\/p>\n<p>d) Impulsar els programes de detecci\u00f3 i notificaci\u00f3 del maltractament infantil.<\/p>\n<p>e) Enfortir progressivament els serveis socials comunitaris de car\u00e0cter preventiu.<\/p>\n<p>f) Treballar en programes de suport a la fam\u00edlia, per refor\u00e7ar lla\u00e7os davant la vulnerabilitat, en col\u00b7laboraci\u00f3 amb les entitats.<\/p>\n<p>g) Ampliar el servei de valoraci\u00f3 de protecci\u00f3 de menors a 24 hores.<\/p>\n<p>h) Per evitar l'internament dels menors en situaci\u00f3 de risc i donar suport a les fam\u00edlies vulnerables, augmentar les places de centres de dia i ampliar els programes de compet\u00e8ncies familiars i les campanyes de fam\u00edlies d'acollida per als infants m\u00e9s petits tutelats per l'Administraci\u00f3 p\u00fablica.<\/p>\n<p>i) Incloure la inf\u00e0ncia entre les prioritats de l'agenda pol\u00edtica de la instituci\u00f3 insular, aix\u00ed com promoure i recon\u00e8ixer les tasques dirigides a la distinci\u00f3 de municipis de l'illa com a ciutats amigues de la inf\u00e0ncia i donar-hi suport.<\/p>\n<p>Per a aix\u00f2, \u00e9s necessari:<br \/>\n\u2022 Promoure una reuni\u00f3 anual dels consells de participaci\u00f3 infantil i adolescent de l'illa de Mallorca, mitjan\u00e7ant la dotaci\u00f3 de recursos econ\u00f2mics, t\u00e8cnics i humans.<br \/>\n\u2022 Promoure l'elaboraci\u00f3 de plans municipals o pol\u00edtiques d'inf\u00e0ncia que estableixin prioritats i metes basades en les necessitats espec\u00edfiques de la inf\u00e0ncia a cada localitat.<br \/>\n\u2022 Difondre el programa \u00abCiutats amigues de la inf\u00e0ncia\u00bb, incloent en els mitjans propis (web, xarxes socials, butlletins electr\u00f2nics etc.) l'enlla\u00e7 al web del programa <a href=\"http:\/\/ciudadesamigas.org.\">http:\/\/ciudadesamigas.org.<\/a><br \/>\n\u2022 Dur a terme una jornada anual informativa a l'illa de Mallorca sobre el programa \u00abCiutats amigues de la inf\u00e0ncia\u00bb o la presentaci\u00f3 del programa als municipis.<\/p>\n<p>j) \u00abConsiderar aquests principis en el disseny, l'execuci\u00f3 i l'avaluaci\u00f3 dels programes d'acci\u00f3 social orientats a la inf\u00e0ncia\u00bb seguint els compromisos que s'estableixen en el Pacte balear per a la inf\u00e0ncia quant a inversions en pol\u00edtiques de prevenci\u00f3, la participaci\u00f3 dels professionals i col\u00b7lectius i agents comunitaris en aquests programes, la intervenci\u00f3 primerenca, per combatre la pobresa i altres.<\/p>\n<p>k) \u00abDirigir el treball i les mesures per implantar, d'acord amb l\u2019Agenda 2030 i el comprom\u00eds de complir els desset objectius de desenvolupament sostenible, en una clara aposta per un model social i pol\u00edtic que posi la inf\u00e0ncia en el centre\u00bb.<\/p>\n<p>Amb l'objectiu de fer el seguiment del desenvolupament i de l'execuci\u00f3 dels compromisos i de les activitats que preveu aquesta adhesi\u00f3 dels consells insulars al Pacte balear per a la inf\u00e0ncia, es posa en marxa la creaci\u00f3 d'una comissi\u00f3 de seguiment a cada consell, que es reunir\u00e0 semestralment. Hi participaran almanco una persona nomenada per cada part, representants de l'UNICEF Comit\u00e8 de Balears i de l'OBIA, i un t\u00e8cnic o t\u00e8cnica referent nomenat per cada un dels consells insulars, que fa una tasca de coordinaci\u00f3 interna a cada instituci\u00f3 i de coordinaci\u00f3 externa amb l'UNICEF i l'OBIA. Aquestes comissions tenen l'enc\u00e0rrec d'elaborar un informe anual de seguiment dels pactes, amb els resultats i l'impacte del programa a les Illes i proposar iniciatives noves. Tots els consells insulars varen nomenar personal t\u00e8cnic referent a les diferents comissions de seguiment.<\/p>\n<p>Les comissions de seguiment de cada consell insular es varen constituir durant el primer semestre d'enguany, abans de les eleccions, amb l'objectiu de garantir que els equips de govern nous continuessin amb l'assumpci\u00f3 dels compromisos i de les responsabilitats que cada consell havia subscrit.<\/p>\n<p>A les comissions es varen presentar i aprovar un seguit d'indicadors corresponents als compromisos del Pacte d'adhesi\u00f3 dels consells insulars que havia estat treballant el personal t\u00e8cnic referent de cada consell amb l'UNICEF i l'OBIA, a fi de crear una l\u00ednia base que permet\u00e9s avaluar el grau de compliment de la corporaci\u00f3 dels diferents compromisos adquirits, aix\u00ed com establir prioritats i partir d'un primer diagn\u00f2stic de necessitats a cada illa.<\/p>\n<p>\u00c9s voluntat tant de l'UNICEF com de l'OBIA treballar estretament amb el personal t\u00e8cnic referent coordinador dels pactes de cada consell a fi que els compromisos subscrits i ratificats es compleixin i que no quedin en declaracions ret\u00f2riques buides de contingut. La nostra inf\u00e0ncia i adolesc\u00e8ncia no pot esperar.<\/p>\n<h2>4. Les \u2018ciutats amigues de la inf\u00e0ncia\u2019 a les Illes Balears: un gran impuls a les pol\u00edtiques d'inf\u00e0ncia a nivell municipal<\/h2>\n<p>A hores d'ara, m\u00e9s del 60 % dels infants i adolescents residents a la nostra comunitat viuen a municipis que han aconseguit el reconeixement de Ciutat Amiga de la Inf\u00e0ncia (CAI) de l'UNICEF i la tend\u00e8ncia \u00e9s a estendre's a la majoria dels municipis. Accedir a aquest reconeixement CAI implica complir uns requisits que obliguen els ajuntaments candidats a fer una aposta clara i ferma per implementar pol\u00edtiques d'inf\u00e0ncia en l'\u00e0mbit municipal aix\u00ed com posar en marxa \u00f2rgans de participaci\u00f3 infantil tamb\u00e9 en l'\u00e0mbit municipal.<\/p>\n<p>D'altra banda, aquests compromisos que adquireixen les corporacions locals que obtenen aquest guard\u00f3 de Ciutat Amiga de la Inf\u00e0ncia s'han de mantenir amb el temps per no perdre aquest reconeixement. Aquesta iniciativa de l'UNICEF contribueix a tenir una perspectiva de drets i de participaci\u00f3 dels infants en l'\u00e0mbit local aix\u00ed com a visibilitzar el m\u00f3n i les necessitats de la inf\u00e0ncia. Entre els compromisos subscrits pels consells en aquest pacte, hi ha el de difondre i donar suport a aquest model de CAIS a cada illa i, fins i tot, com a objectiu futur arribar a obtenir el reconeixement d'illa amiga de la inf\u00e0ncia a cada consell.<\/p>\n<h2>5. Una oportunitat i un nou escenari<\/h2>\n<p>A partir de tot el que s'ha exposat fins ara, volem fer una valoraci\u00f3 del moment i de la gran oportunitat que s'obri a la nostra comunitat aut\u00f2noma en relaci\u00f3 amb la inf\u00e0ncia i les fam\u00edlies, sobretot les m\u00e9s vulnerables, arran del Pacte parlamentari per a la inf\u00e0ncia, de l'adhesi\u00f3 dels consells a aquest Pacte, de l'impuls del model de CAI als municipis de les Balears i de la nova Llei 9\/2019, balear de la inf\u00e0ncia i de les lleis org\u00e0niques 8\/2015, de 22 de juliol, de modificaci\u00f3 del sistema de protecci\u00f3 a la inf\u00e0ncia i l'adolesc\u00e8ncia, i de la 26\/2015, de 28 de juliol, de protecci\u00f3 de la inf\u00e0ncia i adolesc\u00e8ncia. Els compromisos subscrits per les diferents administracions, partits pol\u00edtics i entitats que treballen en aquest sector, fruit d'un consens pol\u00edtic, institucional i social ampli que fa \u00e8mfasi en la posada en marxa de pol\u00edtiques d'inf\u00e0ncia que prioritzin la prevenci\u00f3 comunit\u00e0ria, el foment del bon tracte als menors, el suport a les fam\u00edlies, la visi\u00f3 dels drets de la inf\u00e0ncia i les garanties necess\u00e0ries del suport pressupostari per fer viables aquestes pol\u00edtiques, dibuixen un escenari nou per al qual ja fa d\u00e8cades que es treballa a la nostra comunitat aut\u00f2noma.<\/p>\n<p>Si tenim presents els indicadors quantitatius i qualitatius sobre l'estat de la nostra inf\u00e0ncia i adolesc\u00e8ncia que, incomprensiblement, lideren les estad\u00edstiques estatals en casos com les notificacions al RUMI, nombre d'expedients de protecci\u00f3 de menors per poblaci\u00f3, places d'acolliment residencial per a menors, absentisme i inadaptaci\u00f3 escolar, nombre de mesures executades d'expedients de just\u00edcia juvenil, nombre de den\u00fancies per viol\u00e8ncia masclista, etc., podem concloure que queda molta feina per fer. Dissortadament, hi ha hagut una manca de plans estrat\u00e8gics auton\u00f2mics, insulars i municipals, llevat d'algunes excepcions. Ha mancat aix\u00ed mateix un diagn\u00f2stic acurat de les necessitats d'aquest col\u00b7lectiu de poblaci\u00f3 quan comptam amb sistemes informatius potents de les diferents administracions que ho permetrien, per\u00f2 ha faltat la voluntat pol\u00edtica d'integrar-los i compartir-los amb un prop\u00f2sit clar de millorar aquests indicadors i d'establir una col\u00b7laboraci\u00f3 interinstitucional vertadera amb pol\u00edtiques d'inf\u00e0ncia i fam\u00edlia consistents. No ens podem permetre el luxe de desaprofitar aquesta oportunitat. En un moment en qu\u00e8 ve una altra crisi econ\u00f2mica de la qual no coneixem encara la dimensi\u00f3, hem de poder assegurar m\u00e9s que mai que no sigui a costa de minvar els pressupostos destinats als col\u00b7lectius m\u00e9s vulnerables com va succeir en la crisi del 2008.<\/p>\n<p>Observam que, davant la situaci\u00f3 d'emerg\u00e8ncia d'habitatges, arriben a protecci\u00f3 de menors derivades dels serveis socials municipals fam\u00edlies, b\u00e0sicament monoparentals, que no poden accedir al mercat immobiliari de lloguers pels preus elevats o pels requisits que es demanen per accedir-hi i que les fam\u00edlies no poden complir. Malgrat que tant lleis estatals com auton\u00f2miques expressen clarament que no es pot tutelar menors per motius de pobresa o discapacitat dels pares, la realitat \u00e9s que es comen\u00e7a a fer, amb la diluci\u00f3 dels vincles familiars, la traumatitzaci\u00f3 dels infants i dels pares, quan aquestes separacions podrien ser evitables amb un suport i una intervenci\u00f3 integral espec\u00edfics a les crisis i, per descomptat, amb el gran dispendi econ\u00f2mic que implica per a les institucions institucionalitzar infants.<\/p>\n<p>\u00c9s urgent accelerar els compromisos que el pacte parlamentari i el dels consells han signat i han ratificat, per fer front a aquesta situaci\u00f3 nova que ens arriba. No \u00e9s moment de defenses numantines de les compet\u00e8ncies de cada administraci\u00f3, parapetant-se en el fet que s\u00f3n compet\u00e8ncies de les altres administracions les que han d'atendre aquestes situacions, tal com observam que passa actualment davant situacions de fam\u00edlies amb infants que es troben al carrer. Demanam una mica m\u00e9s de creativitat, de generositat i de visi\u00f3 m\u00e9s ampla de les institucions per abordar en un marc de col\u00b7laboraci\u00f3 aquestes realitats noves.<\/p>\n<h2>6. Conclusions<\/h2>\n<p>Es necessari que tots els compromisos assolits pels representants dels partits pol\u00edtics de les balears subscrits i ratificats pels plens dels consells insulars i del Parlament es materialitzin en un full de ruta que permeti un avan\u00e7 efectiu en les pol\u00edtiques de la inf\u00e0ncia que es basen en la prevenci\u00f3 efica\u00e7 i el suport comunitari de les fam\u00edlies, sobretot de les m\u00e9s vulnerables i que es garanteixin els pressupostos destinats a fer-les efectives.<\/p>\n<h2>Bibliografia<\/h2>\n<p>- Aranda, G. (Coord.) (2013) La ciudad que queremos: una ciudad amiga de las personas. Din\u00e1mica participativa comunitaria sobre Derechos de la infancia e innovaci\u00f3n social. Ed. Programa Ciudades Amigas de la Infancia de UNICEF Espa\u00f1a. Recuperat:<br \/>\n<a href=\"https:\/\/ciudadesamigas.org\/wp-content\/uploads\/2013\/12\/ciudadquequeremos.pdf\">https:\/\/ciudadesamigas.org\/wp-content\/uploads\/2013\/12\/ciudadquequeremos.pdf<\/a><\/p>\n<p>- Carballo, S.(2017). La Fam\u00edlia Biol\u00f2gica en el Sistema de Protecci\u00f3: noves perspectives. Revista d\u2019Afers Socials. Conselleria de Serveis Socials i Cooperaci\u00f3. N\u00fam. 8 mar\u00e7.<\/p>\n<p>- Llei 9\/2919 de 19 de febrer, de l\u00b4atenci\u00f3 i els drets de la inf\u00e0ncia i adolesc\u00e8ncia de les Illes Balears. BOIB.26, de 28 de febrer de 2019.<\/p>\n<\/div>\n<\/div><\/div><\/div><\/div><\/div>","protected":false},"excerpt":{"rendered":"<p>Paraules clau:\u00a0Pacte per la Inf\u00e0ncia, Adhesi\u00f3 dels Consells Insulars al Pacte Balear, pol\u00edtiques d&#8217;inf\u00e0ncia, ciutats amigues de la inf\u00e0ncia, drets de la inf\u00e0ncia Resum En el present article s\u2019aborda el marc nou que s\u2019ha creat a la comunitat balear a partir de la signatura per part dels consells de les Illes Balears del Pacte balear [&hellip;]<\/p>\n","protected":false},"author":2,"featured_media":4564,"comment_status":"closed","ping_status":"open","sticky":false,"template":"","format":"standard","meta":[],"categories":[83],"tags":[38],"_links":{"self":[{"href":"https:\/\/www.revistaalimara.net\/revista\/wp-json\/wp\/v2\/posts\/4562"}],"collection":[{"href":"https:\/\/www.revistaalimara.net\/revista\/wp-json\/wp\/v2\/posts"}],"about":[{"href":"https:\/\/www.revistaalimara.net\/revista\/wp-json\/wp\/v2\/types\/post"}],"author":[{"embeddable":true,"href":"https:\/\/www.revistaalimara.net\/revista\/wp-json\/wp\/v2\/users\/2"}],"replies":[{"embeddable":true,"href":"https:\/\/www.revistaalimara.net\/revista\/wp-json\/wp\/v2\/comments?post=4562"}],"version-history":[{"count":12,"href":"https:\/\/www.revistaalimara.net\/revista\/wp-json\/wp\/v2\/posts\/4562\/revisions"}],"predecessor-version":[{"id":4621,"href":"https:\/\/www.revistaalimara.net\/revista\/wp-json\/wp\/v2\/posts\/4562\/revisions\/4621"}],"wp:featuredmedia":[{"embeddable":true,"href":"https:\/\/www.revistaalimara.net\/revista\/wp-json\/wp\/v2\/media\/4564"}],"wp:attachment":[{"href":"https:\/\/www.revistaalimara.net\/revista\/wp-json\/wp\/v2\/media?parent=4562"}],"wp:term":[{"taxonomy":"category","embeddable":true,"href":"https:\/\/www.revistaalimara.net\/revista\/wp-json\/wp\/v2\/categories?post=4562"},{"taxonomy":"post_tag","embeddable":true,"href":"https:\/\/www.revistaalimara.net\/revista\/wp-json\/wp\/v2\/tags?post=4562"}],"curies":[{"name":"wp","href":"https:\/\/api.w.org\/{rel}","templated":true}]}}